{"id":640,"date":"2022-05-13T15:57:54","date_gmt":"2022-05-13T18:57:54","guid":{"rendered":"http:\/\/culturasueca.org.br\/index.php\/2022\/05\/13\/den-okanda-svenska-migrationen-till-brasilien-och-argentina\/"},"modified":"2022-06-05T03:08:53","modified_gmt":"2022-06-05T06:08:53","slug":"den-okanda-svenska-migrationen-till-brasilien-och-argentina","status":"publish","type":"post","link":"https:\/\/culturasueca.org.br\/sv\/den-okanda-svenska-migrationen-till-brasilien-och-argentina\/","title":{"rendered":"Den ok\u00e4nda svenska migrationen till Brasilien och Argentina"},"content":{"rendered":"\n<p>I den h\u00e4r intressanta intervjun med Dr. Gunvor Flodell, f\u00f6rfattare och forskare som bott flera \u00e5r med sin man Sven-Arne Flodell i Ober\u00e1, Argentina, tar Flodell  upp \u00e4mnen som orsaken till migrationen, vilka brasilianska och argentinska st\u00e4der som tog emot flest svenska migranter, utmaningar de m\u00f6tte och de olika faserna av denna migrationsv\u00e5g.<\/p>\n\n\n\n<figure class=\"wp-block-embed is-type-video is-provider-youtube wp-block-embed-youtube wp-embed-aspect-16-9 wp-has-aspect-ratio\"><div class=\"wp-block-embed__wrapper\">\n<iframe loading=\"lazy\" title=\"Den ok\u00e4nda svenska migrationen till Brasilien och Argentina\" width=\"760\" height=\"428\" src=\"https:\/\/www.youtube.com\/embed\/Xpn4JCEthA8?feature=oembed\" frameborder=\"0\" allow=\"accelerometer; autoplay; clipboard-write; encrypted-media; gyroscope; picture-in-picture\" allowfullscreen><\/iframe>\n<\/div><\/figure>\n","protected":false},"excerpt":{"rendered":"<p>I den h\u00e4r intressanta intervjun med Dr. Gunvor Flodell, f\u00f6rfattare och forskare som bott flera&#8230; <\/p>\n","protected":false},"author":1,"featured_media":609,"comment_status":"open","ping_status":"open","sticky":false,"template":"","format":"standard","meta":[],"categories":[34,33],"tags":[],"_links":{"self":[{"href":"https:\/\/culturasueca.org.br\/sv\/wp-json\/wp\/v2\/posts\/640"}],"collection":[{"href":"https:\/\/culturasueca.org.br\/sv\/wp-json\/wp\/v2\/posts"}],"about":[{"href":"https:\/\/culturasueca.org.br\/sv\/wp-json\/wp\/v2\/types\/post"}],"author":[{"embeddable":true,"href":"https:\/\/culturasueca.org.br\/sv\/wp-json\/wp\/v2\/users\/1"}],"replies":[{"embeddable":true,"href":"https:\/\/culturasueca.org.br\/sv\/wp-json\/wp\/v2\/comments?post=640"}],"version-history":[{"count":3,"href":"https:\/\/culturasueca.org.br\/sv\/wp-json\/wp\/v2\/posts\/640\/revisions"}],"predecessor-version":[{"id":728,"href":"https:\/\/culturasueca.org.br\/sv\/wp-json\/wp\/v2\/posts\/640\/revisions\/728"}],"wp:featuredmedia":[{"embeddable":true,"href":"https:\/\/culturasueca.org.br\/sv\/wp-json\/wp\/v2\/media\/609"}],"wp:attachment":[{"href":"https:\/\/culturasueca.org.br\/sv\/wp-json\/wp\/v2\/media?parent=640"}],"wp:term":[{"taxonomy":"category","embeddable":true,"href":"https:\/\/culturasueca.org.br\/sv\/wp-json\/wp\/v2\/categories?post=640"},{"taxonomy":"post_tag","embeddable":true,"href":"https:\/\/culturasueca.org.br\/sv\/wp-json\/wp\/v2\/tags?post=640"}],"curies":[{"name":"wp","href":"https:\/\/api.w.org\/{rel}","templated":true}]}}